{"id":286,"date":"2022-01-10T13:56:31","date_gmt":"2022-01-10T13:56:31","guid":{"rendered":"https:\/\/www.democracyandpuppetry.eu\/?p=286"},"modified":"2022-02-05T20:44:02","modified_gmt":"2022-02-05T20:44:02","slug":"transnational-meeting-4","status":"publish","type":"post","link":"https:\/\/www.democracyandpuppetry.eu\/?p=286&lang=hu","title":{"rendered":"Nemzetk\u00f6zi tal\u00e1lkoz\u00f3"},"content":{"rendered":"<p>T\u00f6bb online tal\u00e1lkoz\u00f3 ut\u00e1n v\u00e9g\u00fcl B\u00e9csben lehet\u0151s\u00e9g ny\u00edlt a projektpartnerek szem\u00e9lyes tal\u00e1lkoz\u00f3j\u00e1ra. H\u00e1rom napon kereszt\u00fcl a tan\u00e1rokb\u00f3l \u00e9s m\u0171v\u00e9szekb\u0151l \u00e1ll\u00f3 n\u00e9gyes tandem kidolgozta a m\u0171v\u00e9szeti koncepci\u00f3knak a saj\u00e1t v\u00e1rosukban t\u00f6rt\u00e9n\u0151 megval\u00f3s\u00edt\u00e1s\u00e1hoz sz\u00fcks\u00e9ges tan\u00edt\u00e1si m\u00f3dszereinek els\u0151 v\u00e1ltozat\u00e1t. A B\u00e9csi F\u00f3rum a Demokr\u00e1ci\u00e1\u00e9rt \u00e9s az Emberi Jogok\u00e9rt k\u00f6zpont tudom\u00e1nyos ir\u00e1ny\u00edt\u00e1s\u00e1val a belgr\u00e1di, budapesti, ravne na Koro\u0161kem-i \u00e9s b\u00e9csi partnerek olyan m\u00f3dszereket \u00e9s anyagokat dolgoznak ki, amelyek lehet\u0151v\u00e9 teszik, hogy a k\u00fcl\u00f6nb\u00f6z\u0151 iskolat\u00edpusok \u00e9s szintek tanul\u00f3i kreat\u00edvan foglalkozzanak a demokr\u00e1cia \u00e9s az emberi jogok t\u00e9m\u00e1j\u00e1val a tan\u00f3r\u00e1kon, \u00e9s a k\u00e9s\u0151bbiekben lehet\u0151s\u00e9g\u00fck legyen felfedezni a saj\u00e1t k\u00f6rnyezet\u00fcket.<\/p>\n<p>Term\u00e9szetesen a k\u00f6z\u00f6ss\u00e9gi programra is sor ker\u00fclt. A &#8220;St\u00f6ckl im Park&#8221;-ban elk\u00f6lt\u00f6tt k\u00f6z\u00f6s vacsora mellett a Burgtheaterben egy el\u0151ad\u00e1s megtekint\u00e9se is szerepelt a programban.<\/p>\n","protected":false},"excerpt":{"rendered":"<p>T\u00f6bb online tal\u00e1lkoz\u00f3 ut\u00e1n v\u00e9g\u00fcl B\u00e9csben lehet\u0151s\u00e9g ny\u00edlt a projektpartnerek szem\u00e9lyes tal\u00e1lkoz\u00f3j\u00e1ra. H\u00e1rom napon kereszt\u00fcl a tan\u00e1rokb\u00f3l \u00e9s m\u0171v\u00e9szekb\u0151l \u00e1ll\u00f3 n\u00e9gyes tandem kidolgozta a m\u0171v\u00e9szeti<\/p>\n","protected":false},"author":2,"featured_media":267,"comment_status":"open","ping_status":"open","sticky":false,"template":"","format":"standard","meta":{"footnotes":""},"categories":[33],"tags":[],"class_list":["post-286","post","type-post","status-publish","format-standard","has-post-thumbnail","hentry","category-a-projekt"],"_links":{"self":[{"href":"https:\/\/www.democracyandpuppetry.eu\/index.php?rest_route=\/wp\/v2\/posts\/286","targetHints":{"allow":["GET"]}}],"collection":[{"href":"https:\/\/www.democracyandpuppetry.eu\/index.php?rest_route=\/wp\/v2\/posts"}],"about":[{"href":"https:\/\/www.democracyandpuppetry.eu\/index.php?rest_route=\/wp\/v2\/types\/post"}],"author":[{"embeddable":true,"href":"https:\/\/www.democracyandpuppetry.eu\/index.php?rest_route=\/wp\/v2\/users\/2"}],"replies":[{"embeddable":true,"href":"https:\/\/www.democracyandpuppetry.eu\/index.php?rest_route=%2Fwp%2Fv2%2Fcomments&post=286"}],"version-history":[{"count":4,"href":"https:\/\/www.democracyandpuppetry.eu\/index.php?rest_route=\/wp\/v2\/posts\/286\/revisions"}],"predecessor-version":[{"id":555,"href":"https:\/\/www.democracyandpuppetry.eu\/index.php?rest_route=\/wp\/v2\/posts\/286\/revisions\/555"}],"wp:featuredmedia":[{"embeddable":true,"href":"https:\/\/www.democracyandpuppetry.eu\/index.php?rest_route=\/wp\/v2\/media\/267"}],"wp:attachment":[{"href":"https:\/\/www.democracyandpuppetry.eu\/index.php?rest_route=%2Fwp%2Fv2%2Fmedia&parent=286"}],"wp:term":[{"taxonomy":"category","embeddable":true,"href":"https:\/\/www.democracyandpuppetry.eu\/index.php?rest_route=%2Fwp%2Fv2%2Fcategories&post=286"},{"taxonomy":"post_tag","embeddable":true,"href":"https:\/\/www.democracyandpuppetry.eu\/index.php?rest_route=%2Fwp%2Fv2%2Ftags&post=286"}],"curies":[{"name":"wp","href":"https:\/\/api.w.org\/{rel}","templated":true}]}}